{"id":530,"date":"2019-07-25T04:57:18","date_gmt":"2019-07-25T04:57:18","guid":{"rendered":"http:\/\/nutheschlange.de\/?p=530"},"modified":"2019-07-25T05:08:54","modified_gmt":"2019-07-25T05:08:54","slug":"das-architekten-paar-baller-wirft-der-pro-potsdam-vernachlaessigung-und-sachunkenntnis-vor-das-wohnungsunternehmen-moechte-nun-taetig-werden-siehe-link-zum-artikel-in-der-pnn-24-07-2019","status":"publish","type":"post","link":"https:\/\/nutheschlange.de\/?p=530","title":{"rendered":"Das Architekten-Paar Baller wirft der Pro Potsdam Vernachl\u00e4ssigung und Sachunkenntnis vor: Das Wohnungsunternehmen m\u00f6chte nun t\u00e4tig werden.Siehe Link zum Artikel in der PNN 24.07.2019"},"content":{"rendered":"\n<blockquote class=\"wp-block-quote is-layout-flow wp-block-quote-is-layout-flow\"><p>Nachdem Anwohner sich \u00fcber die mangelnde Pflege der Teichanlage beschwert hatten&nbsp;<a href=\"https:\/\/m.pnn.de\/potsdam\/beschwerden-ueber-verwahrlosung-der-nutheschlange\/24527320.html\">(PNN berichteten)<\/a>, schickte das st\u00e4dtische Wohnungsunternehmen Pro Potsdam Anfang Juli ein Antwortschreiben an die Mieter. Auf dieses Schreiben&nbsp;<a href=\"https:\/\/m.pnn.de\/potsdam\/abriss-des-kopfbaus-nutheschlange-droht-ein-rechtsstreit\/24588544.html\">haben Hinrich und Doris Baller nun \u00f6ffentlich reagiert,<\/a>&nbsp;das Berliner Architektenpaar, das die Wohnanlage 1997 realisiert hatte. Sie kritisieren \u201emassive Vers\u00e4umnisse in der Pflege und der Wartung\u201c des Teiches sowie in Teilen \u201ev\u00f6llige Sachunkenntnis\u201c von Seiten der Pro Potsdam und der ausf\u00fchrenden Firmen. \u201eSeerosen, Ufergeh\u00f6lze und vieles andere war gepflanzt worden und ist inzwischen wegen fehlender Pflege verkommen.\u201c<\/p><p><br><\/p><cite>PNN 24.07.2019 von Erik Wenz<br><br><\/cite><\/blockquote>\n\n\n\n<p><a href=\"https:\/\/m.pnn.de\/potsdam\/nach-beschwerden-teiche-an-der-nutheschlange-sollen-saniert-werden\/24692776.html?utm_referrer=https%3A%2F%2Ft.co%2FCMSylB3zDR%3Famp%3D1\">https:\/\/m.pnn.de\/potsdam\/nach-beschwerden-teiche-an-der-nutheschlange-sollen-saniert-werden\/24692776.html?utm_referrer=https%3A%2F%2Ft.co%2FCMSylB3zDR%3Famp%3D1<\/a><\/p>\n<div class='watch-action'><div class='watch-position align-right'><div class='action-like'><a class='lbg-style3 like-530 jlk' href='javascript:void(0)' data-task='like' data-post_id='530' data-nonce='37101134a5' rel='nofollow'><img class='wti-pixel' src='https:\/\/nutheschlange.de\/wp-content\/plugins\/wti-like-post\/images\/pixel.gif' title='Mag ich' \/><span class='lc-530 lc'>0<\/span><\/a><\/div><\/div> <div class='status-530 status align-right'><\/div><\/div><div class='wti-clear'><\/div>","protected":false},"excerpt":{"rendered":"<p>Nachdem Anwohner sich \u00fcber die mangelnde Pflege der Teichanlage beschwert hatten&nbsp;(PNN berichteten), schickte das st\u00e4dtische Wohnungsunternehmen Pro Potsdam Anfang Juli ein Antwortschreiben an die Mieter. Auf dieses Schreiben&nbsp;haben Hinrich und Doris Baller nun \u00f6ffentlich reagiert,&nbsp;das Berliner Architektenpaar, das die Wohnanlage&#8230;<\/p>\n","protected":false},"author":2,"featured_media":0,"comment_status":"open","ping_status":"open","sticky":false,"template":"","format":"quote","meta":{"footnotes":""},"categories":[1],"tags":[126,130,21,29,32,77,100,111],"class_list":["post-530","post","type-post","status-publish","format-quote","hentry","category-diesunddas","tag-teichanlage","tag-initiative-nutheschlange","tag-nutheschlange","tag-potsdam","tag-staedtebau","tag-gruene-architektur","tag-greenliving","tag-klimaschutz","post_format-post-format-quote"],"_links":{"self":[{"href":"https:\/\/nutheschlange.de\/index.php?rest_route=\/wp\/v2\/posts\/530","targetHints":{"allow":["GET"]}}],"collection":[{"href":"https:\/\/nutheschlange.de\/index.php?rest_route=\/wp\/v2\/posts"}],"about":[{"href":"https:\/\/nutheschlange.de\/index.php?rest_route=\/wp\/v2\/types\/post"}],"author":[{"embeddable":true,"href":"https:\/\/nutheschlange.de\/index.php?rest_route=\/wp\/v2\/users\/2"}],"replies":[{"embeddable":true,"href":"https:\/\/nutheschlange.de\/index.php?rest_route=%2Fwp%2Fv2%2Fcomments&post=530"}],"version-history":[{"count":3,"href":"https:\/\/nutheschlange.de\/index.php?rest_route=\/wp\/v2\/posts\/530\/revisions"}],"predecessor-version":[{"id":533,"href":"https:\/\/nutheschlange.de\/index.php?rest_route=\/wp\/v2\/posts\/530\/revisions\/533"}],"wp:attachment":[{"href":"https:\/\/nutheschlange.de\/index.php?rest_route=%2Fwp%2Fv2%2Fmedia&parent=530"}],"wp:term":[{"taxonomy":"category","embeddable":true,"href":"https:\/\/nutheschlange.de\/index.php?rest_route=%2Fwp%2Fv2%2Fcategories&post=530"},{"taxonomy":"post_tag","embeddable":true,"href":"https:\/\/nutheschlange.de\/index.php?rest_route=%2Fwp%2Fv2%2Ftags&post=530"}],"curies":[{"name":"wp","href":"https:\/\/api.w.org\/{rel}","templated":true}]}}